{"id":3781,"date":"2020-09-01T10:01:38","date_gmt":"2020-09-01T10:01:38","guid":{"rendered":"https:\/\/www.i-kicoaching.com\/?p=3781"},"modified":"2021-02-18T13:59:15","modified_gmt":"2021-02-18T13:59:15","slug":"en-train-de-seveiller-ou-deja-eveillee","status":"publish","type":"post","link":"https:\/\/www.i-kicoaching.com\/fr\/en-train-de-seveiller-ou-deja-eveillee\/","title":{"rendered":"En train de s&rsquo;\u00e9veiller ou d\u00e9j\u00e0 \u00e9veill\u00e9(e) ?"},"content":{"rendered":"\n<h2>L&rsquo;histoire de mon \u00e9veil spirituel<\/h2>\n\n\n\n<p>Il y a quelques mois, une coll\u00e8gue entra\u00eeneur et chere amie \u00e0 moi et moi discutions du sujet de l&rsquo;\u00e9veil spirituel. Mon amie affirmait que nous sommes tous \u00e9veill\u00e9s, peu importe o\u00f9 nous en sommes sur notre chemin de d\u00e9veloppement personnel. J&rsquo;ai soutenu que, \u00e0 l\u2019exception de certaines \u00e2mes \u00e9clair\u00e9es qui sont \u00e9veill\u00e9es, en paix et totalement align\u00e9es avec le grand sch\u00e9ma des choses, les restes, nous luttons toujours avec des probl\u00e8mes de contr\u00f4le, de l&rsquo;inqui\u00e9tude, de la col\u00e8re, des attentes, etc., donc nous ne sommes pas compl\u00e8tement \u00e9veill\u00e9s et l&rsquo;\u00e9veil doit avoir lieu.<\/p>\n\n\n\n<p>Mon blog sur&nbsp;<strong><a href=\"https:\/\/www.i-kicoaching.com\/bien-etre-fr\/la-mort-des-attentes-et-la-naissance-de-lamour-inconditionnel\/\" target=\"_blank\" rel=\"noreferrer noopener\" aria-label=\"la \u00ab mort \u00bb des attentes et la \u00ab naissance \u00bb de l'amour inconditionnel (opens in a new tab)\">la \u00ab mort \u00bb des attentes et la \u00ab naissance \u00bb de l&rsquo;amour inconditionnel<\/a><\/strong>, illustrant le processus d&rsquo;\u00e9veil spirituel \u00e0 travers le coaching, m&rsquo;a fait penser au d\u00e9but de mon parcours d&rsquo;\u00e9veil spirituel, au moment o\u00f9 j&rsquo;ai commenc\u00e9 \u00e0 \u00ab voir \u00bb au-del\u00e0 de mon conditionnement, au moment o\u00f9 j&rsquo;ai commenc\u00e9 \u00e0 voir une petite partie de la v\u00e9rit\u00e9 alors que des croyances fausses de longue date commen\u00e7aient \u00e0 s&rsquo;effondrer les unes apr\u00e8s les autres.<\/p>\n\n\n\n<p>Voici comment cela a commenc\u00e9 :<\/p>\n\n\n\n<p><em>Ayant souffert de probl\u00e8mes de sant\u00e9 depuis l&rsquo;\u00e2ge de 25 ans, dix ans plus tard, j&rsquo;\u00e9tais \u00e0 bout de nerfs. L&rsquo;avocate cart\u00e9sienne et rationnelle, qui ne croyait qu&rsquo;\u00e0 la science et au tangible, mon ancien moi, \u00e9tait si d\u00e9sesp\u00e9r\u00e9e et voulais enfin gu\u00e9rir. J&rsquo;ai donc d\u00e9cid\u00e9 de consulter une gu\u00e9risseuse \u00e9nerg\u00e9tique. Elle est devenue la personne qui m&rsquo;a appris ou, pour \u00eatre plus pr\u00e9cis, qui m&rsquo;a rappel\u00e9 ma capacit\u00e9 \u00e0 ressentir l&rsquo;\u00e9nergie et \u00e0&nbsp;<strong><a rel=\"noreferrer noopener\" aria-label=\"canaliser (opens in a new tab)\" href=\"https:\/\/youtu.be\/AOmcK-LiXzg\" target=\"_blank\">canaliser<\/a><\/strong>. \u00c0 la fin de la formation, elle m&rsquo;a dit que je devais apprendre \u00e0 pratiquer le&nbsp;<strong><a href=\"https:\/\/www.google.com\/search?client=safari&amp;rls=en&amp;q=i-kicoaching.com+enseigne+reiki&amp;ie=UTF-8&amp;oe=UTF-8\" target=\"_blank\" rel=\"noreferrer noopener\" aria-label=\"reiki (opens in a new tab)\">reiki<\/a><\/strong>. Je n\u2019avais jamais entendu parler du reiki auparavant, mais apr\u00e8s les exp\u00e9riences \u00e9poustouflantes lors de la formation \u00e0 la canalisation, je n\u2019\u00e9tais plus sceptique quant aux m\u00e9thodes alternatives qui favorisent la gu\u00e9rison.<\/em><\/p>\n\n\n\n<p><em>J&rsquo;ai trouv\u00e9 un ma\u00eetre reiki, que je consid\u00e8re toujours comme l&rsquo;un de mes maitres spirituels parmi d&rsquo;autres personnes que j&rsquo;ai rencontr\u00e9es en personne ou dont j&rsquo;ai lu les livres, et j&rsquo;ai eu ma premi\u00e8re formation et initiation au reiki. J&rsquo;avais pass\u00e9 toute ma vie \u00e0 vivre \u00e0 la limite, \u00e9tant un vrai casse-cou. Je n&rsquo;avais peur de rien ou c&rsquo;est ce que j&rsquo;ai pens\u00e9. Du saut \u00e0 l&rsquo;\u00e9lastique au ski hors-piste, une fi\u00e8re propri\u00e9taire de deux motos, une de course et une moto hors route, je ferais n&rsquo;importe quelle cascade sur un d\u00e9fi. J&rsquo;\u00e9tais intr\u00e9pide.<\/em><\/p>\n\n\n\n<p><em>Pendant le week-end de ma premi\u00e8re formation reiki qui \u00e9tait aussi un atelier de d\u00e9veloppement personnel, j&rsquo;ai fait une d\u00e9couverte bouleversante sur moi-m\u00eame. Le ma\u00eetre reiki a demand\u00e9 \u00e0 chacun de nous ce dont nous avions le plus peur. J&rsquo;ai entendu de nombreuses r\u00e9ponses avant de pouvoir donner la mienne ; la maladie, la mort, le ch\u00f4mage, la pauvret\u00e9, la solitude et bien d&rsquo;autres. Quand on m&rsquo;a demand\u00e9, j&rsquo;ai r\u00e9pondu \u00ab la peur \u00bb. Le ma\u00eetre de reiki a insist\u00e9 : \u00ab Oui, nous parlons de la peur. Quelle peur vous fait le plus peur ? \u00bb. \u00ab La peur \u00bb ai-je r\u00e9pondu. \u00ab J&rsquo;ai peur de la peur elle-m\u00eame ! \u00bb. Pour la premi\u00e8re fois de ma vie, j&rsquo;ai \u00ab vu \u00bb ma peur. Je me suis rendu compte que tout ce que j&rsquo;avais fait, les cascades, mes r\u00e9alisations acad\u00e9miques et professionnelles, tout ce que je faisais \u00e9tait par peur ou, pour \u00eatre plus pr\u00e9cise, pour me cacher ma peur.<\/em><\/p>\n\n\n\n<p><em>La reconnaissance de ma peur a \u00e9t\u00e9 la premi\u00e8re d&rsquo;une s\u00e9rie de perspicacit\u00e9s qui ont d\u00e9clench\u00e9 mon \u00e9veil spirituel mais je ne m&rsquo;\u00e9tais jamais senti completement \u00e9veill\u00e9. Je continue de \u00ab voir \u00bb de nouvelles choses et de travailler sur d&rsquo;anciens m\u00e9canismes de survie ou de d\u00e9fense au fur et \u00e0 mesure qu&rsquo;ils me deviennent visibles un par un.<\/em><\/p>\n\n\n\n<p>Comme pour de nombreuses id\u00e9es qui persistent dans ma t\u00eate avant de finalement \u00eatre int\u00e9gr\u00e9es et de devenir des exp\u00e9riences (lisez le blog <a href=\"https:\/\/www.i-kicoaching.com\/developpement-personnel-fr\/quand-leleve-est-pret\/\" target=\"_blank\" rel=\"noreferrer noopener\" aria-label=\"&quot;Quand l'\u00e9l\u00e8ve est pr\u00eat&quot; (opens in a new tab)\">\u00ab\u00a0Quand l&rsquo;\u00e9l\u00e8ve est pr\u00eat\u00a0\u00bb<\/a>), c\u2019est exactement ce qui s\u2019est pass\u00e9 avec l\u2019affirmation de mon ami selon laquelle nous sommes tous d\u00e9j\u00e0 \u00e9veill\u00e9s.<\/p>\n\n\n\n<p>Pendant que j&rsquo;\u00e9crivais sur comment et quand mon \u00e9veil a commenc\u00e9, j&rsquo;ai pens\u00e9 \u00e0 mon enfance. Je me suis souvenu que tout ce que je pouvais voir apr\u00e8s mon r\u00e9veil, je l&rsquo;ai d\u00e9j\u00e0 vu et je le savais quand j&rsquo;\u00e9tais enfant. Tout ce que j&rsquo;ai commenc\u00e9 \u00e0 \u00ab d\u00e9couvrir \u00bb, je le savais intuitivement avant que le conditionnement que je subissais \u00e0 cause de mon d\u00e9sir de m&rsquo;int\u00e9grer \u00e0 ma famille et \u00e0 la soci\u00e9t\u00e9 en g\u00e9n\u00e9ral ne me rende aveugle. Le mot d\u00e9couvrir dit tout. La v\u00e9rit\u00e9 \u00e9tait d\u00e9j\u00e0 l\u00e0 mais elle \u00e9tait \u00ab couverte \u00bb.<\/p>\n\n\n\n<p>En tant que jeune enfant, je pouvais voir et ressentir de l&rsquo;\u00e9nergie. En tant que jeune enfant, je pouvais voir la v\u00e9rit\u00e9, je pouvais voir \u00e0 travers les gens et les situations. Dans ma t\u00eate, je remettrais en question des croyances conventionnelles de longue date et voyais des v\u00e9rit\u00e9s universelles. Je savais &#8230; j&rsquo;\u00e9tais \u00e9veill\u00e9 &#8230;<\/p>\n\n\n\n<p>La question d\u2019\u00eatre en train de s\u2019\u00e9veiller ou d\u2019\u00eatre d\u00e9j\u00e0 \u00e9veill\u00e9) est beaucoup plus claire pour moi. Je crois maintenant que mon amie et moi avions raison \u00e9galement. Nous sommes n\u00e9s \u00e9veill\u00e9s mais la plupart d&rsquo;entre nous \u00ab se rendorment \u00bb soit par choix, soit par conditionnement ou par les deux \u00e0 la fois. Nous n&rsquo;avons pas \u00e0 chercher la v\u00e9rit\u00e9 ailleurs. Il est d\u00e9j\u00e0 en nous. N\u00e9anmoins, un \u00e9veil doit avoir lieu pour pouvoir acc\u00e9der \u00e0 la v\u00e9rit\u00e9 \u00e0 nouveau.<\/p>\n\n\n\n<p>Photo by&nbsp;<a href=\"https:\/\/unsplash.com\/@lephunghia?utm_source=unsplash&amp;utm_medium=referral&amp;utm_content=creditCopyText\">Nghia Le<\/a>&nbsp;on&nbsp;<a href=\"https:\/\/unsplash.com\/s\/photos\/enlightenment?utm_source=unsplash&amp;utm_medium=referral&amp;utm_content=creditCopyText\">Unsplash<\/a><\/p>\n","protected":false},"excerpt":{"rendered":"<p>L&rsquo;histoire de mon \u00e9veil spirituel Il y a quelques mois, une coll\u00e8gue entra\u00eeneur et chere amie \u00e0 moi et moi discutions du sujet de l&rsquo;\u00e9veil spirituel. Mon amie affirmait que nous sommes tous \u00e9veill\u00e9s, peu importe o\u00f9 nous en sommes sur notre chemin de d\u00e9veloppement personnel. J&rsquo;ai soutenu que, \u00e0 l\u2019exception de certaines \u00e2mes \u00e9clair\u00e9es qui sont \u00e9veill\u00e9es, en paix et totalement align\u00e9es avec le grand sch\u00e9ma des choses, les restes, nous luttons toujours avec des probl\u00e8mes de contr\u00f4le, de l&rsquo;inqui\u00e9tude, de la col\u00e8re, des attentes, etc., donc nous ne sommes pas compl\u00e8tement \u00e9veill\u00e9s et l&rsquo;\u00e9veil doit avoir lieu. Mon blog sur&nbsp;la \u00ab mort \u00bb des attentes et la \u00ab naissance \u00bb de l&rsquo;amour inconditionnel, illustrant le processus d&rsquo;\u00e9veil spirituel \u00e0 travers le coaching, m&rsquo;a fait penser au d\u00e9but de mon parcours d&rsquo;\u00e9veil spirituel, au moment o\u00f9 j&rsquo;ai commenc\u00e9 \u00e0 \u00ab voir \u00bb au-del\u00e0 de mon conditionnement, au moment o\u00f9 j&rsquo;ai commenc\u00e9 \u00e0 voir une petite partie de la v\u00e9rit\u00e9 alors que des croyances fausses de longue date commen\u00e7aient \u00e0 s&rsquo;effondrer les unes apr\u00e8s les autres. Voici comment cela a commenc\u00e9 : Ayant souffert de probl\u00e8mes de sant\u00e9 depuis l&rsquo;\u00e2ge de 25 ans, dix ans plus tard, j&rsquo;\u00e9tais \u00e0 bout de nerfs. L&rsquo;avocate cart\u00e9sienne et rationnelle, qui ne croyait qu&rsquo;\u00e0 la science et au tangible, mon ancien moi, \u00e9tait si d\u00e9sesp\u00e9r\u00e9e et voulais enfin gu\u00e9rir. J&rsquo;ai donc d\u00e9cid\u00e9 de consulter une gu\u00e9risseuse \u00e9nerg\u00e9tique. Elle est devenue la personne qui m&rsquo;a appris ou, pour \u00eatre plus pr\u00e9cis, qui m&rsquo;a rappel\u00e9 ma capacit\u00e9 \u00e0 ressentir l&rsquo;\u00e9nergie et \u00e0&nbsp;canaliser. \u00c0 la fin de la formation, elle m&rsquo;a dit que je devais apprendre \u00e0 pratiquer le&nbsp;reiki. Je n\u2019avais jamais entendu parler du reiki auparavant, mais apr\u00e8s les exp\u00e9riences \u00e9poustouflantes lors de la formation \u00e0 la canalisation, je n\u2019\u00e9tais plus sceptique quant aux m\u00e9thodes alternatives qui favorisent la gu\u00e9rison. J&rsquo;ai trouv\u00e9 un ma\u00eetre reiki, que je consid\u00e8re toujours comme l&rsquo;un de mes maitres spirituels parmi d&rsquo;autres personnes que j&rsquo;ai rencontr\u00e9es en personne ou dont j&rsquo;ai lu les livres, et j&rsquo;ai eu ma premi\u00e8re formation et initiation au reiki. J&rsquo;avais pass\u00e9 toute ma vie \u00e0 vivre \u00e0 la limite, \u00e9tant un vrai casse-cou. Je n&rsquo;avais peur de rien ou c&rsquo;est ce que j&rsquo;ai pens\u00e9. Du saut \u00e0 l&rsquo;\u00e9lastique au ski hors-piste, une fi\u00e8re propri\u00e9taire de deux motos, une de course et une moto hors route, je ferais n&rsquo;importe quelle cascade sur un d\u00e9fi. J&rsquo;\u00e9tais intr\u00e9pide. Pendant le week-end de ma premi\u00e8re formation reiki qui \u00e9tait aussi un atelier de d\u00e9veloppement personnel, j&rsquo;ai fait une d\u00e9couverte bouleversante sur moi-m\u00eame. Le ma\u00eetre reiki a demand\u00e9 \u00e0 chacun de nous ce dont nous avions le plus peur. J&rsquo;ai entendu de nombreuses r\u00e9ponses avant de pouvoir donner la mienne ; la maladie, la mort, le ch\u00f4mage, la pauvret\u00e9, la solitude et bien d&rsquo;autres. Quand on m&rsquo;a demand\u00e9, j&rsquo;ai r\u00e9pondu \u00ab la peur \u00bb. Le ma\u00eetre de reiki a insist\u00e9 : \u00ab Oui, nous parlons de la peur. Quelle peur vous fait le plus peur ? \u00bb. \u00ab La peur \u00bb ai-je r\u00e9pondu. \u00ab J&rsquo;ai peur de la peur elle-m\u00eame ! \u00bb. Pour la premi\u00e8re fois de ma vie, j&rsquo;ai \u00ab vu \u00bb ma peur. Je me suis rendu compte que tout ce que j&rsquo;avais fait, les cascades, mes r\u00e9alisations acad\u00e9miques et professionnelles, tout ce que je faisais \u00e9tait par peur ou, pour \u00eatre plus pr\u00e9cise, pour me cacher ma peur. La reconnaissance de ma peur a \u00e9t\u00e9 la premi\u00e8re d&rsquo;une s\u00e9rie de perspicacit\u00e9s qui ont d\u00e9clench\u00e9 mon \u00e9veil spirituel mais je ne m&rsquo;\u00e9tais jamais senti completement \u00e9veill\u00e9. Je continue de \u00ab voir \u00bb de nouvelles choses et de travailler sur d&rsquo;anciens m\u00e9canismes de survie ou de d\u00e9fense au fur et \u00e0 mesure qu&rsquo;ils me deviennent visibles un par un. Comme pour de nombreuses id\u00e9es qui persistent dans ma t\u00eate avant de finalement \u00eatre int\u00e9gr\u00e9es et de devenir des exp\u00e9riences (lisez le blog \u00ab\u00a0Quand l&rsquo;\u00e9l\u00e8ve est pr\u00eat\u00a0\u00bb), c\u2019est exactement ce qui s\u2019est pass\u00e9 avec l\u2019affirmation de mon ami selon laquelle nous sommes tous d\u00e9j\u00e0 \u00e9veill\u00e9s. Pendant que j&rsquo;\u00e9crivais sur comment et quand mon \u00e9veil a commenc\u00e9, j&rsquo;ai pens\u00e9 \u00e0 mon enfance. Je me suis souvenu que tout ce que je pouvais voir apr\u00e8s mon r\u00e9veil, je l&rsquo;ai d\u00e9j\u00e0 vu et je le savais quand j&rsquo;\u00e9tais enfant. Tout ce que j&rsquo;ai commenc\u00e9 \u00e0 \u00ab d\u00e9couvrir \u00bb, je le savais intuitivement avant que le conditionnement que je subissais \u00e0 cause de mon d\u00e9sir de m&rsquo;int\u00e9grer \u00e0 ma famille et \u00e0 la soci\u00e9t\u00e9 en g\u00e9n\u00e9ral ne me rende aveugle. Le mot d\u00e9couvrir dit tout. La v\u00e9rit\u00e9 \u00e9tait d\u00e9j\u00e0 l\u00e0 mais elle \u00e9tait \u00ab couverte \u00bb. En tant que jeune enfant, je pouvais voir et ressentir de l&rsquo;\u00e9nergie. En tant que jeune enfant, je pouvais voir la v\u00e9rit\u00e9, je pouvais voir \u00e0 travers les gens et les situations. Dans ma t\u00eate, je remettrais en question des croyances conventionnelles de longue date et voyais des v\u00e9rit\u00e9s universelles. Je savais &#8230; j&rsquo;\u00e9tais \u00e9veill\u00e9 &#8230; La question d\u2019\u00eatre en train de s\u2019\u00e9veiller ou d\u2019\u00eatre d\u00e9j\u00e0 \u00e9veill\u00e9) est beaucoup plus claire pour moi. Je crois maintenant que mon amie et moi avions raison \u00e9galement. Nous sommes n\u00e9s \u00e9veill\u00e9s mais la plupart d&rsquo;entre nous \u00ab se rendorment \u00bb soit par choix, soit par conditionnement ou par les deux \u00e0 la fois. Nous n&rsquo;avons pas \u00e0 chercher la v\u00e9rit\u00e9 ailleurs. Il est d\u00e9j\u00e0 en nous. N\u00e9anmoins, un \u00e9veil doit avoir lieu pour pouvoir acc\u00e9der \u00e0 la v\u00e9rit\u00e9 \u00e0 nouveau. Photo by&nbsp;Nghia Le&nbsp;on&nbsp;Unsplash<\/p>\n","protected":false},"author":166,"featured_media":3779,"comment_status":"open","ping_status":"open","sticky":false,"template":"","format":"standard","meta":{"pmpro_default_level":0},"categories":[415,433,450,445,341],"tags":[],"yoast_head":"<!-- This site is optimized with the Yoast SEO Premium plugin v19.0.1 (Yoast SEO v19.4) - https:\/\/yoast.com\/wordpress\/plugins\/seo\/ -->\n<title>En train de s&#039;\u00e9veiller ou d\u00e9j\u00e0 \u00e9veill\u00e9(e) ? - i-KI Coaching<\/title>\n<meta name=\"robots\" content=\"index, follow, max-snippet:-1, max-image-preview:large, max-video-preview:-1\" \/>\n<link rel=\"canonical\" href=\"https:\/\/www.i-kicoaching.com\/fr\/en-train-de-seveiller-ou-deja-eveillee\/\" \/>\n<meta name=\"twitter:card\" content=\"summary_large_image\" \/>\n<meta name=\"twitter:title\" content=\"En train de s&#039;\u00e9veiller ou d\u00e9j\u00e0 \u00e9veill\u00e9(e) ? - i-KI Coaching\" \/>\n<meta name=\"twitter:description\" content=\"L&rsquo;histoire de mon \u00e9veil spirituel Il y a quelques mois, une coll\u00e8gue entra\u00eeneur et chere amie \u00e0 moi et moi discutions du sujet de l&rsquo;\u00e9veil spirituel. Mon amie affirmait que nous sommes tous \u00e9veill\u00e9s, peu importe o\u00f9 nous en sommes sur notre chemin de d\u00e9veloppement personnel. J&rsquo;ai soutenu que, \u00e0 l\u2019exception de certaines \u00e2mes \u00e9clair\u00e9es qui sont \u00e9veill\u00e9es, en paix et totalement align\u00e9es avec le grand sch\u00e9ma des choses, les restes, nous luttons toujours avec des probl\u00e8mes de contr\u00f4le, de l&rsquo;inqui\u00e9tude, de la col\u00e8re, des attentes, etc., donc nous ne sommes pas compl\u00e8tement \u00e9veill\u00e9s et l&rsquo;\u00e9veil doit avoir lieu. Mon blog sur&nbsp;la \u00ab mort \u00bb des attentes et la \u00ab naissance \u00bb de l&rsquo;amour inconditionnel, illustrant le processus d&rsquo;\u00e9veil spirituel \u00e0 travers le coaching, m&rsquo;a fait penser au d\u00e9but de mon parcours d&rsquo;\u00e9veil spirituel, au moment o\u00f9 j&rsquo;ai commenc\u00e9 \u00e0 \u00ab voir \u00bb au-del\u00e0 de mon conditionnement, au moment o\u00f9 j&rsquo;ai commenc\u00e9 \u00e0 voir une petite partie de la v\u00e9rit\u00e9 alors que des croyances fausses de longue date commen\u00e7aient \u00e0 s&rsquo;effondrer les unes apr\u00e8s les autres. Voici comment cela a commenc\u00e9 : Ayant souffert de probl\u00e8mes de sant\u00e9 depuis l&rsquo;\u00e2ge de 25 ans, dix ans plus tard, j&rsquo;\u00e9tais \u00e0 bout de nerfs. L&rsquo;avocate cart\u00e9sienne et rationnelle, qui ne croyait qu&rsquo;\u00e0 la science et au tangible, mon ancien moi, \u00e9tait si d\u00e9sesp\u00e9r\u00e9e et voulais enfin gu\u00e9rir. J&rsquo;ai donc d\u00e9cid\u00e9 de consulter une gu\u00e9risseuse \u00e9nerg\u00e9tique. Elle est devenue la personne qui m&rsquo;a appris ou, pour \u00eatre plus pr\u00e9cis, qui m&rsquo;a rappel\u00e9 ma capacit\u00e9 \u00e0 ressentir l&rsquo;\u00e9nergie et \u00e0&nbsp;canaliser. \u00c0 la fin de la formation, elle m&rsquo;a dit que je devais apprendre \u00e0 pratiquer le&nbsp;reiki. Je n\u2019avais jamais entendu parler du reiki auparavant, mais apr\u00e8s les exp\u00e9riences \u00e9poustouflantes lors de la formation \u00e0 la canalisation, je n\u2019\u00e9tais plus sceptique quant aux m\u00e9thodes alternatives qui favorisent la gu\u00e9rison. J&rsquo;ai trouv\u00e9 un ma\u00eetre reiki, que je consid\u00e8re toujours comme l&rsquo;un de mes maitres spirituels parmi d&rsquo;autres personnes que j&rsquo;ai rencontr\u00e9es en personne ou dont j&rsquo;ai lu les livres, et j&rsquo;ai eu ma premi\u00e8re formation et initiation au reiki. J&rsquo;avais pass\u00e9 toute ma vie \u00e0 vivre \u00e0 la limite, \u00e9tant un vrai casse-cou. Je n&rsquo;avais peur de rien ou c&rsquo;est ce que j&rsquo;ai pens\u00e9. Du saut \u00e0 l&rsquo;\u00e9lastique au ski hors-piste, une fi\u00e8re propri\u00e9taire de deux motos, une de course et une moto hors route, je ferais n&rsquo;importe quelle cascade sur un d\u00e9fi. J&rsquo;\u00e9tais intr\u00e9pide. Pendant le week-end de ma premi\u00e8re formation reiki qui \u00e9tait aussi un atelier de d\u00e9veloppement personnel, j&rsquo;ai fait une d\u00e9couverte bouleversante sur moi-m\u00eame. Le ma\u00eetre reiki a demand\u00e9 \u00e0 chacun de nous ce dont nous avions le plus peur. J&rsquo;ai entendu de nombreuses r\u00e9ponses avant de pouvoir donner la mienne ; la maladie, la mort, le ch\u00f4mage, la pauvret\u00e9, la solitude et bien d&rsquo;autres. Quand on m&rsquo;a demand\u00e9, j&rsquo;ai r\u00e9pondu \u00ab la peur \u00bb. Le ma\u00eetre de reiki a insist\u00e9 : \u00ab Oui, nous parlons de la peur. Quelle peur vous fait le plus peur ? \u00bb. \u00ab La peur \u00bb ai-je r\u00e9pondu. \u00ab J&rsquo;ai peur de la peur elle-m\u00eame ! \u00bb. Pour la premi\u00e8re fois de ma vie, j&rsquo;ai \u00ab vu \u00bb ma peur. Je me suis rendu compte que tout ce que j&rsquo;avais fait, les cascades, mes r\u00e9alisations acad\u00e9miques et professionnelles, tout ce que je faisais \u00e9tait par peur ou, pour \u00eatre plus pr\u00e9cise, pour me cacher ma peur. La reconnaissance de ma peur a \u00e9t\u00e9 la premi\u00e8re d&rsquo;une s\u00e9rie de perspicacit\u00e9s qui ont d\u00e9clench\u00e9 mon \u00e9veil spirituel mais je ne m&rsquo;\u00e9tais jamais senti completement \u00e9veill\u00e9. Je continue de \u00ab voir \u00bb de nouvelles choses et de travailler sur d&rsquo;anciens m\u00e9canismes de survie ou de d\u00e9fense au fur et \u00e0 mesure qu&rsquo;ils me deviennent visibles un par un. Comme pour de nombreuses id\u00e9es qui persistent dans ma t\u00eate avant de finalement \u00eatre int\u00e9gr\u00e9es et de devenir des exp\u00e9riences (lisez le blog \u00ab\u00a0Quand l&rsquo;\u00e9l\u00e8ve est pr\u00eat\u00a0\u00bb), c\u2019est exactement ce qui s\u2019est pass\u00e9 avec l\u2019affirmation de mon ami selon laquelle nous sommes tous d\u00e9j\u00e0 \u00e9veill\u00e9s. Pendant que j&rsquo;\u00e9crivais sur comment et quand mon \u00e9veil a commenc\u00e9, j&rsquo;ai pens\u00e9 \u00e0 mon enfance. Je me suis souvenu que tout ce que je pouvais voir apr\u00e8s mon r\u00e9veil, je l&rsquo;ai d\u00e9j\u00e0 vu et je le savais quand j&rsquo;\u00e9tais enfant. Tout ce que j&rsquo;ai commenc\u00e9 \u00e0 \u00ab d\u00e9couvrir \u00bb, je le savais intuitivement avant que le conditionnement que je subissais \u00e0 cause de mon d\u00e9sir de m&rsquo;int\u00e9grer \u00e0 ma famille et \u00e0 la soci\u00e9t\u00e9 en g\u00e9n\u00e9ral ne me rende aveugle. Le mot d\u00e9couvrir dit tout. La v\u00e9rit\u00e9 \u00e9tait d\u00e9j\u00e0 l\u00e0 mais elle \u00e9tait \u00ab couverte \u00bb. En tant que jeune enfant, je pouvais voir et ressentir de l&rsquo;\u00e9nergie. En tant que jeune enfant, je pouvais voir la v\u00e9rit\u00e9, je pouvais voir \u00e0 travers les gens et les situations. Dans ma t\u00eate, je remettrais en question des croyances conventionnelles de longue date et voyais des v\u00e9rit\u00e9s universelles. Je savais &#8230; j&rsquo;\u00e9tais \u00e9veill\u00e9 &#8230; La question d\u2019\u00eatre en train de s\u2019\u00e9veiller ou d\u2019\u00eatre d\u00e9j\u00e0 \u00e9veill\u00e9) est beaucoup plus claire pour moi. Je crois maintenant que mon amie et moi avions raison \u00e9galement. Nous sommes n\u00e9s \u00e9veill\u00e9s mais la plupart d&rsquo;entre nous \u00ab se rendorment \u00bb soit par choix, soit par conditionnement ou par les deux \u00e0 la fois. Nous n&rsquo;avons pas \u00e0 chercher la v\u00e9rit\u00e9 ailleurs. Il est d\u00e9j\u00e0 en nous. N\u00e9anmoins, un \u00e9veil doit avoir lieu pour pouvoir acc\u00e9der \u00e0 la v\u00e9rit\u00e9 \u00e0 nouveau. Photo by&nbsp;Nghia Le&nbsp;on&nbsp;Unsplash\" \/>\n<meta name=\"twitter:image\" content=\"https:\/\/www.i-kicoaching.com\/wp-content\/uploads\/2020\/07\/nghia-le-V3DokM1NQcs-unsplash-1-scaled.jpg\" \/>\n<meta name=\"twitter:label1\" content=\"\u00c9crit par\" \/>\n\t<meta name=\"twitter:data1\" content=\"Evdoxia Stoupi\" \/>\n\t<meta name=\"twitter:label2\" content=\"Dur\u00e9e de lecture estim\u00e9e\" \/>\n\t<meta name=\"twitter:data2\" content=\"4 minutes\" \/>\n<script type=\"application\/ld+json\" class=\"yoast-schema-graph\">{\"@context\":\"https:\/\/schema.org\",\"@graph\":[{\"@type\":\"WebSite\",\"@id\":\"https:\/\/www.i-kicoaching.com\/#website\",\"url\":\"https:\/\/www.i-kicoaching.com\/\",\"name\":\"i-KI Coaching\",\"description\":\"\",\"potentialAction\":[{\"@type\":\"SearchAction\",\"target\":{\"@type\":\"EntryPoint\",\"urlTemplate\":\"https:\/\/www.i-kicoaching.com\/?s={search_term_string}\"},\"query-input\":\"required name=search_term_string\"}],\"inLanguage\":\"fr-FR\"},{\"@type\":\"WebPage\",\"@id\":\"https:\/\/www.i-kicoaching.com\/fr\/en-train-de-seveiller-ou-deja-eveillee\/\",\"url\":\"https:\/\/www.i-kicoaching.com\/fr\/en-train-de-seveiller-ou-deja-eveillee\/\",\"name\":\"En train de s'\u00e9veiller ou d\u00e9j\u00e0 \u00e9veill\u00e9(e) ? - i-KI Coaching\",\"isPartOf\":{\"@id\":\"https:\/\/www.i-kicoaching.com\/#website\"},\"datePublished\":\"2020-09-01T10:01:38+00:00\",\"dateModified\":\"2021-02-18T13:59:15+00:00\",\"author\":{\"@id\":\"https:\/\/www.i-kicoaching.com\/#\/schema\/person\/6173de1ff2be11251a5eac51b755ba92\"},\"breadcrumb\":{\"@id\":\"https:\/\/www.i-kicoaching.com\/fr\/en-train-de-seveiller-ou-deja-eveillee\/#breadcrumb\"},\"inLanguage\":\"fr-FR\",\"potentialAction\":[{\"@type\":\"ReadAction\",\"target\":[\"https:\/\/www.i-kicoaching.com\/fr\/en-train-de-seveiller-ou-deja-eveillee\/\"]}]},{\"@type\":\"BreadcrumbList\",\"@id\":\"https:\/\/www.i-kicoaching.com\/fr\/en-train-de-seveiller-ou-deja-eveillee\/#breadcrumb\",\"itemListElement\":[{\"@type\":\"ListItem\",\"position\":1,\"name\":\"Home\",\"item\":\"https:\/\/www.i-kicoaching.com\/fr\/\"},{\"@type\":\"ListItem\",\"position\":2,\"name\":\"En train de s&#8217;\u00e9veiller ou d\u00e9j\u00e0 \u00e9veill\u00e9(e) ?\"}]},{\"@type\":\"Person\",\"@id\":\"https:\/\/www.i-kicoaching.com\/#\/schema\/person\/6173de1ff2be11251a5eac51b755ba92\",\"name\":\"Evdoxia Stoupi\",\"image\":{\"@type\":\"ImageObject\",\"inLanguage\":\"fr-FR\",\"@id\":\"https:\/\/www.i-kicoaching.com\/#\/schema\/person\/image\/\",\"url\":\"\/\/www.gravatar.com\/avatar\/f6f1fcf157790bc91e11e6f474000f7c?s=96&#038;r=g&#038;d=mm\",\"contentUrl\":\"\/\/www.gravatar.com\/avatar\/f6f1fcf157790bc91e11e6f474000f7c?s=96&#038;r=g&#038;d=mm\",\"caption\":\"Evdoxia Stoupi\"},\"description\":\"For the past 16 years, Evdoxia has been accumulating a wide range of skills and tools for healing, combined them with her gift for seeing, hearing and sensing people\u2019s higher self and spirit guides and created the method \u201ci-Ki Coaching\u201d. She is a Life Coach certified by the International Coach Federation, a Master Hypnotist trained in the Hypnovision method and a Reiki Master. She is also a channel of one\u2019s higher self, an enneagram connoisseur, an energy healer and a teacher. After her own healing journey, she abandoned an illustrious career as a legal attorney and followed her true passion; promoting well-being and helping people attain inner peace. Her ultimate goal is to contribute to the creation of a new paradigm of being and relating leading to a world where people can co-exist in peace and harmony. \u201cFulfilled people wish no harm. On the contrary, they lend a helping hand to those who struggle.\u201d is what she says when asked why she followed this path.\",\"url\":\"https:\/\/www.i-kicoaching.com\/fr\/author\/evdoxiastoupi\/\"}]}<\/script>\n<!-- \/ Yoast SEO Premium plugin. -->","yoast_head_json":{"title":"En train de s'\u00e9veiller ou d\u00e9j\u00e0 \u00e9veill\u00e9(e) ? - i-KI Coaching","robots":{"index":"index","follow":"follow","max-snippet":"max-snippet:-1","max-image-preview":"max-image-preview:large","max-video-preview":"max-video-preview:-1"},"canonical":"https:\/\/www.i-kicoaching.com\/fr\/en-train-de-seveiller-ou-deja-eveillee\/","twitter_card":"summary_large_image","twitter_title":"En train de s'\u00e9veiller ou d\u00e9j\u00e0 \u00e9veill\u00e9(e) ? - i-KI Coaching","twitter_description":"L&rsquo;histoire de mon \u00e9veil spirituel Il y a quelques mois, une coll\u00e8gue entra\u00eeneur et chere amie \u00e0 moi et moi discutions du sujet de l&rsquo;\u00e9veil spirituel. Mon amie affirmait que nous sommes tous \u00e9veill\u00e9s, peu importe o\u00f9 nous en sommes sur notre chemin de d\u00e9veloppement personnel. J&rsquo;ai soutenu que, \u00e0 l\u2019exception de certaines \u00e2mes \u00e9clair\u00e9es qui sont \u00e9veill\u00e9es, en paix et totalement align\u00e9es avec le grand sch\u00e9ma des choses, les restes, nous luttons toujours avec des probl\u00e8mes de contr\u00f4le, de l&rsquo;inqui\u00e9tude, de la col\u00e8re, des attentes, etc., donc nous ne sommes pas compl\u00e8tement \u00e9veill\u00e9s et l&rsquo;\u00e9veil doit avoir lieu. Mon blog sur&nbsp;la \u00ab mort \u00bb des attentes et la \u00ab naissance \u00bb de l&rsquo;amour inconditionnel, illustrant le processus d&rsquo;\u00e9veil spirituel \u00e0 travers le coaching, m&rsquo;a fait penser au d\u00e9but de mon parcours d&rsquo;\u00e9veil spirituel, au moment o\u00f9 j&rsquo;ai commenc\u00e9 \u00e0 \u00ab voir \u00bb au-del\u00e0 de mon conditionnement, au moment o\u00f9 j&rsquo;ai commenc\u00e9 \u00e0 voir une petite partie de la v\u00e9rit\u00e9 alors que des croyances fausses de longue date commen\u00e7aient \u00e0 s&rsquo;effondrer les unes apr\u00e8s les autres. Voici comment cela a commenc\u00e9 : Ayant souffert de probl\u00e8mes de sant\u00e9 depuis l&rsquo;\u00e2ge de 25 ans, dix ans plus tard, j&rsquo;\u00e9tais \u00e0 bout de nerfs. L&rsquo;avocate cart\u00e9sienne et rationnelle, qui ne croyait qu&rsquo;\u00e0 la science et au tangible, mon ancien moi, \u00e9tait si d\u00e9sesp\u00e9r\u00e9e et voulais enfin gu\u00e9rir. J&rsquo;ai donc d\u00e9cid\u00e9 de consulter une gu\u00e9risseuse \u00e9nerg\u00e9tique. Elle est devenue la personne qui m&rsquo;a appris ou, pour \u00eatre plus pr\u00e9cis, qui m&rsquo;a rappel\u00e9 ma capacit\u00e9 \u00e0 ressentir l&rsquo;\u00e9nergie et \u00e0&nbsp;canaliser. \u00c0 la fin de la formation, elle m&rsquo;a dit que je devais apprendre \u00e0 pratiquer le&nbsp;reiki. Je n\u2019avais jamais entendu parler du reiki auparavant, mais apr\u00e8s les exp\u00e9riences \u00e9poustouflantes lors de la formation \u00e0 la canalisation, je n\u2019\u00e9tais plus sceptique quant aux m\u00e9thodes alternatives qui favorisent la gu\u00e9rison. J&rsquo;ai trouv\u00e9 un ma\u00eetre reiki, que je consid\u00e8re toujours comme l&rsquo;un de mes maitres spirituels parmi d&rsquo;autres personnes que j&rsquo;ai rencontr\u00e9es en personne ou dont j&rsquo;ai lu les livres, et j&rsquo;ai eu ma premi\u00e8re formation et initiation au reiki. J&rsquo;avais pass\u00e9 toute ma vie \u00e0 vivre \u00e0 la limite, \u00e9tant un vrai casse-cou. Je n&rsquo;avais peur de rien ou c&rsquo;est ce que j&rsquo;ai pens\u00e9. Du saut \u00e0 l&rsquo;\u00e9lastique au ski hors-piste, une fi\u00e8re propri\u00e9taire de deux motos, une de course et une moto hors route, je ferais n&rsquo;importe quelle cascade sur un d\u00e9fi. J&rsquo;\u00e9tais intr\u00e9pide. Pendant le week-end de ma premi\u00e8re formation reiki qui \u00e9tait aussi un atelier de d\u00e9veloppement personnel, j&rsquo;ai fait une d\u00e9couverte bouleversante sur moi-m\u00eame. Le ma\u00eetre reiki a demand\u00e9 \u00e0 chacun de nous ce dont nous avions le plus peur. J&rsquo;ai entendu de nombreuses r\u00e9ponses avant de pouvoir donner la mienne ; la maladie, la mort, le ch\u00f4mage, la pauvret\u00e9, la solitude et bien d&rsquo;autres. Quand on m&rsquo;a demand\u00e9, j&rsquo;ai r\u00e9pondu \u00ab la peur \u00bb. Le ma\u00eetre de reiki a insist\u00e9 : \u00ab Oui, nous parlons de la peur. Quelle peur vous fait le plus peur ? \u00bb. \u00ab La peur \u00bb ai-je r\u00e9pondu. \u00ab J&rsquo;ai peur de la peur elle-m\u00eame ! \u00bb. Pour la premi\u00e8re fois de ma vie, j&rsquo;ai \u00ab vu \u00bb ma peur. Je me suis rendu compte que tout ce que j&rsquo;avais fait, les cascades, mes r\u00e9alisations acad\u00e9miques et professionnelles, tout ce que je faisais \u00e9tait par peur ou, pour \u00eatre plus pr\u00e9cise, pour me cacher ma peur. La reconnaissance de ma peur a \u00e9t\u00e9 la premi\u00e8re d&rsquo;une s\u00e9rie de perspicacit\u00e9s qui ont d\u00e9clench\u00e9 mon \u00e9veil spirituel mais je ne m&rsquo;\u00e9tais jamais senti completement \u00e9veill\u00e9. Je continue de \u00ab voir \u00bb de nouvelles choses et de travailler sur d&rsquo;anciens m\u00e9canismes de survie ou de d\u00e9fense au fur et \u00e0 mesure qu&rsquo;ils me deviennent visibles un par un. Comme pour de nombreuses id\u00e9es qui persistent dans ma t\u00eate avant de finalement \u00eatre int\u00e9gr\u00e9es et de devenir des exp\u00e9riences (lisez le blog \u00ab\u00a0Quand l&rsquo;\u00e9l\u00e8ve est pr\u00eat\u00a0\u00bb), c\u2019est exactement ce qui s\u2019est pass\u00e9 avec l\u2019affirmation de mon ami selon laquelle nous sommes tous d\u00e9j\u00e0 \u00e9veill\u00e9s. Pendant que j&rsquo;\u00e9crivais sur comment et quand mon \u00e9veil a commenc\u00e9, j&rsquo;ai pens\u00e9 \u00e0 mon enfance. Je me suis souvenu que tout ce que je pouvais voir apr\u00e8s mon r\u00e9veil, je l&rsquo;ai d\u00e9j\u00e0 vu et je le savais quand j&rsquo;\u00e9tais enfant. Tout ce que j&rsquo;ai commenc\u00e9 \u00e0 \u00ab d\u00e9couvrir \u00bb, je le savais intuitivement avant que le conditionnement que je subissais \u00e0 cause de mon d\u00e9sir de m&rsquo;int\u00e9grer \u00e0 ma famille et \u00e0 la soci\u00e9t\u00e9 en g\u00e9n\u00e9ral ne me rende aveugle. Le mot d\u00e9couvrir dit tout. La v\u00e9rit\u00e9 \u00e9tait d\u00e9j\u00e0 l\u00e0 mais elle \u00e9tait \u00ab couverte \u00bb. En tant que jeune enfant, je pouvais voir et ressentir de l&rsquo;\u00e9nergie. En tant que jeune enfant, je pouvais voir la v\u00e9rit\u00e9, je pouvais voir \u00e0 travers les gens et les situations. Dans ma t\u00eate, je remettrais en question des croyances conventionnelles de longue date et voyais des v\u00e9rit\u00e9s universelles. Je savais &#8230; j&rsquo;\u00e9tais \u00e9veill\u00e9 &#8230; La question d\u2019\u00eatre en train de s\u2019\u00e9veiller ou d\u2019\u00eatre d\u00e9j\u00e0 \u00e9veill\u00e9) est beaucoup plus claire pour moi. Je crois maintenant que mon amie et moi avions raison \u00e9galement. Nous sommes n\u00e9s \u00e9veill\u00e9s mais la plupart d&rsquo;entre nous \u00ab se rendorment \u00bb soit par choix, soit par conditionnement ou par les deux \u00e0 la fois. Nous n&rsquo;avons pas \u00e0 chercher la v\u00e9rit\u00e9 ailleurs. Il est d\u00e9j\u00e0 en nous. N\u00e9anmoins, un \u00e9veil doit avoir lieu pour pouvoir acc\u00e9der \u00e0 la v\u00e9rit\u00e9 \u00e0 nouveau. Photo by&nbsp;Nghia Le&nbsp;on&nbsp;Unsplash","twitter_image":"https:\/\/www.i-kicoaching.com\/wp-content\/uploads\/2020\/07\/nghia-le-V3DokM1NQcs-unsplash-1-scaled.jpg","twitter_misc":{"\u00c9crit par":"Evdoxia Stoupi","Dur\u00e9e de lecture estim\u00e9e":"4 minutes"},"schema":{"@context":"https:\/\/schema.org","@graph":[{"@type":"WebSite","@id":"https:\/\/www.i-kicoaching.com\/#website","url":"https:\/\/www.i-kicoaching.com\/","name":"i-KI Coaching","description":"","potentialAction":[{"@type":"SearchAction","target":{"@type":"EntryPoint","urlTemplate":"https:\/\/www.i-kicoaching.com\/?s={search_term_string}"},"query-input":"required name=search_term_string"}],"inLanguage":"fr-FR"},{"@type":"WebPage","@id":"https:\/\/www.i-kicoaching.com\/fr\/en-train-de-seveiller-ou-deja-eveillee\/","url":"https:\/\/www.i-kicoaching.com\/fr\/en-train-de-seveiller-ou-deja-eveillee\/","name":"En train de s'\u00e9veiller ou d\u00e9j\u00e0 \u00e9veill\u00e9(e) ? - i-KI Coaching","isPartOf":{"@id":"https:\/\/www.i-kicoaching.com\/#website"},"datePublished":"2020-09-01T10:01:38+00:00","dateModified":"2021-02-18T13:59:15+00:00","author":{"@id":"https:\/\/www.i-kicoaching.com\/#\/schema\/person\/6173de1ff2be11251a5eac51b755ba92"},"breadcrumb":{"@id":"https:\/\/www.i-kicoaching.com\/fr\/en-train-de-seveiller-ou-deja-eveillee\/#breadcrumb"},"inLanguage":"fr-FR","potentialAction":[{"@type":"ReadAction","target":["https:\/\/www.i-kicoaching.com\/fr\/en-train-de-seveiller-ou-deja-eveillee\/"]}]},{"@type":"BreadcrumbList","@id":"https:\/\/www.i-kicoaching.com\/fr\/en-train-de-seveiller-ou-deja-eveillee\/#breadcrumb","itemListElement":[{"@type":"ListItem","position":1,"name":"Home","item":"https:\/\/www.i-kicoaching.com\/fr\/"},{"@type":"ListItem","position":2,"name":"En train de s&#8217;\u00e9veiller ou d\u00e9j\u00e0 \u00e9veill\u00e9(e) ?"}]},{"@type":"Person","@id":"https:\/\/www.i-kicoaching.com\/#\/schema\/person\/6173de1ff2be11251a5eac51b755ba92","name":"Evdoxia Stoupi","image":{"@type":"ImageObject","inLanguage":"fr-FR","@id":"https:\/\/www.i-kicoaching.com\/#\/schema\/person\/image\/","url":"\/\/www.gravatar.com\/avatar\/f6f1fcf157790bc91e11e6f474000f7c?s=96&#038;r=g&#038;d=mm","contentUrl":"\/\/www.gravatar.com\/avatar\/f6f1fcf157790bc91e11e6f474000f7c?s=96&#038;r=g&#038;d=mm","caption":"Evdoxia Stoupi"},"description":"For the past 16 years, Evdoxia has been accumulating a wide range of skills and tools for healing, combined them with her gift for seeing, hearing and sensing people\u2019s higher self and spirit guides and created the method \u201ci-Ki Coaching\u201d. She is a Life Coach certified by the International Coach Federation, a Master Hypnotist trained in the Hypnovision method and a Reiki Master. She is also a channel of one\u2019s higher self, an enneagram connoisseur, an energy healer and a teacher. After her own healing journey, she abandoned an illustrious career as a legal attorney and followed her true passion; promoting well-being and helping people attain inner peace. Her ultimate goal is to contribute to the creation of a new paradigm of being and relating leading to a world where people can co-exist in peace and harmony. \u201cFulfilled people wish no harm. On the contrary, they lend a helping hand to those who struggle.\u201d is what she says when asked why she followed this path.","url":"https:\/\/www.i-kicoaching.com\/fr\/author\/evdoxiastoupi\/"}]}},"jetpack_featured_media_url":"https:\/\/www.i-kicoaching.com\/wp-content\/uploads\/2020\/07\/nghia-le-V3DokM1NQcs-unsplash-1-scaled.jpg","_links":{"self":[{"href":"https:\/\/www.i-kicoaching.com\/fr\/wp-json\/wp\/v2\/posts\/3781"}],"collection":[{"href":"https:\/\/www.i-kicoaching.com\/fr\/wp-json\/wp\/v2\/posts"}],"about":[{"href":"https:\/\/www.i-kicoaching.com\/fr\/wp-json\/wp\/v2\/types\/post"}],"author":[{"embeddable":true,"href":"https:\/\/www.i-kicoaching.com\/fr\/wp-json\/wp\/v2\/users\/166"}],"replies":[{"embeddable":true,"href":"https:\/\/www.i-kicoaching.com\/fr\/wp-json\/wp\/v2\/comments?post=3781"}],"version-history":[{"count":3,"href":"https:\/\/www.i-kicoaching.com\/fr\/wp-json\/wp\/v2\/posts\/3781\/revisions"}],"predecessor-version":[{"id":4623,"href":"https:\/\/www.i-kicoaching.com\/fr\/wp-json\/wp\/v2\/posts\/3781\/revisions\/4623"}],"wp:featuredmedia":[{"embeddable":true,"href":"https:\/\/www.i-kicoaching.com\/fr\/wp-json\/wp\/v2\/media\/3779"}],"wp:attachment":[{"href":"https:\/\/www.i-kicoaching.com\/fr\/wp-json\/wp\/v2\/media?parent=3781"}],"wp:term":[{"taxonomy":"category","embeddable":true,"href":"https:\/\/www.i-kicoaching.com\/fr\/wp-json\/wp\/v2\/categories?post=3781"},{"taxonomy":"post_tag","embeddable":true,"href":"https:\/\/www.i-kicoaching.com\/fr\/wp-json\/wp\/v2\/tags?post=3781"}],"curies":[{"name":"wp","href":"https:\/\/api.w.org\/{rel}","templated":true}]}}